{"id":266,"date":"2019-08-09T11:42:08","date_gmt":"2019-08-09T09:42:08","guid":{"rendered":"http:\/\/www.skiclub-troesel.de\/wordpress\/?p=266"},"modified":"2019-08-22T07:40:32","modified_gmt":"2019-08-22T05:40:32","slug":"kerwe-2019","status":"publish","type":"post","link":"https:\/\/www.skiclub-troesel.de\/wordpress\/?p=266","title":{"rendered":"Kerwe 2019"},"content":{"rendered":"<p><strong>Von Fr. 06.09. &#8211; Mo. 09.09. wird beim Skiclub Tr\u00f6sel im Skizelt wieder richtig Kerwe gefeiert.<\/strong><\/p>\n<p>Selbstverst\u00e4ndlich wird der Skiclub und Sch\u00f6nes Catering \u00fcber die gesamte Kerwe mit einer reichhaltigen Getr\u00e4nke- und Speisekarte f\u00fcr das leibliche Wohl bestens sorgen.<\/p>\n<p><a href=\"http:\/\/www.skiclub-troesel.de\/wordpress\/wp-content\/uploads\/2019\/08\/2019-Kerweprogramm.pdf\" target=\"_blank\" rel=\"noopener noreferrer\"><img loading=\"lazy\" decoding=\"async\" class=\"alignnone size-medium wp-image-273\" src=\"http:\/\/www.skiclub-troesel.de\/wordpress\/wp-content\/uploads\/2019\/08\/2019-Kerweprogramm-422x598.png\" alt=\"2019 Kerweprogramm\" width=\"422\" height=\"598\" srcset=\"https:\/\/www.skiclub-troesel.de\/wordpress\/wp-content\/uploads\/2019\/08\/2019-Kerweprogramm-422x598.png 422w, https:\/\/www.skiclub-troesel.de\/wordpress\/wp-content\/uploads\/2019\/08\/2019-Kerweprogramm-722x1024.png 722w, https:\/\/www.skiclub-troesel.de\/wordpress\/wp-content\/uploads\/2019\/08\/2019-Kerweprogramm.png 728w\" sizes=\"auto, (max-width: 422px) 100vw, 422px\" \/><\/a><\/p>\n<p><strong>Kinderprogramm<\/strong><br \/>\nAm Sonntag und am Montag wird f\u00fcr die Kinder ein Kinderprogramm angeboten!<br \/>\nEintritt ist frei!<\/p>\n<p><strong>Freitag<\/strong><br \/>\nEr\u00f6ffnet wird das Kerweprogramm am Freitag ab 20 Uhr mit der Band &#8222;Andy&#8217;s Party People Band&#8220;, die f\u00fcr Tanz und Unterhaltung f\u00fcr Jung und Alt sorgt.<\/p>\n<p><a href=\"http:\/\/www.skiclub-troesel.de\/wordpress\/wp-content\/uploads\/2019\/08\/2019_09-DJ-MINIMI.jpg\" target=\"_blank\" rel=\"noopener noreferrer\"><img loading=\"lazy\" decoding=\"async\" src=\"http:\/\/www.skiclub-troesel.de\/wordpress\/wp-content\/uploads\/2019\/08\/2019_09-DJ-MINIMI-462x598.jpg\" alt=\"Andys Party People\" width=\"462\" height=\"598\" class=\"alignnone size-medium wp-image-278\" srcset=\"https:\/\/www.skiclub-troesel.de\/wordpress\/wp-content\/uploads\/2019\/08\/2019_09-DJ-MINIMI-462x598.jpg 462w, https:\/\/www.skiclub-troesel.de\/wordpress\/wp-content\/uploads\/2019\/08\/2019_09-DJ-MINIMI-768x995.jpg 768w, https:\/\/www.skiclub-troesel.de\/wordpress\/wp-content\/uploads\/2019\/08\/2019_09-DJ-MINIMI-791x1024.jpg 791w, https:\/\/www.skiclub-troesel.de\/wordpress\/wp-content\/uploads\/2019\/08\/2019_09-DJ-MINIMI-940x1217.jpg 940w\" sizes=\"auto, (max-width: 462px) 100vw, 462px\" \/><\/a><\/p>\n<p>Gegen 21 Uhr treten die Firegirls Teens und die Firegirls Classics im Skizelt auf!<br \/>\nAb 22 Uhr: Nach dem Ausgraben der Kerwe erfolgt die Er\u00f6ffnung der Kerwe durch B\u00fcrgermeister Uwe Spitzer und Anschneiden des Kerwekuchens.<br \/>\nKerwepredigt durch den Kerweparre Lukas Emig.<\/p>\n<p>Der Eintritt betr\u00e4gt an diesem Abend 6 \u20ac.<\/p>\n<p><strong>Samstag<\/strong><\/p>\n<p>Am Samstag ist das Skizelt ab 13 Uhr ge\u00f6ffnet. Ab 20 Uhr findet die &#8222;Kerwe Party&#8220; mit DJ Minimi and Friends statt.<\/p>\n<p>Der Eintritt betr\u00e4gt an diesem Abend 6 \u20ac. <strong>Eintritt erst ab 16 Jahre &#8211; Ausweispflicht!<\/strong><\/p>\n<p>Von 20-22 Uhr -&gt; Double Time (gilt nur f\u00fcr Getr\u00e4nke an der Bar)<\/p>\n<p><strong>Sonntag<\/strong><br \/>\nAb 14.00 Uhr findet wieder ein Kinderprogramm statt:<br \/>\n<a href=\"http:\/\/www.skiclub-troesel.de\/wordpress\/wp-content\/uploads\/2019\/08\/2019_09-Plakat-Kindernachmittag.png\" target=\"_blank\" rel=\"noopener noreferrer\"><img loading=\"lazy\" decoding=\"async\" class=\"alignnone size-medium wp-image-268\" src=\"http:\/\/www.skiclub-troesel.de\/wordpress\/wp-content\/uploads\/2019\/08\/2019_09-Plakat-Kindernachmittag-423x598.png\" alt=\"Kindernachmittag\" width=\"423\" height=\"598\" srcset=\"https:\/\/www.skiclub-troesel.de\/wordpress\/wp-content\/uploads\/2019\/08\/2019_09-Plakat-Kindernachmittag-423x598.png 423w, https:\/\/www.skiclub-troesel.de\/wordpress\/wp-content\/uploads\/2019\/08\/2019_09-Plakat-Kindernachmittag-725x1024.png 725w, https:\/\/www.skiclub-troesel.de\/wordpress\/wp-content\/uploads\/2019\/08\/2019_09-Plakat-Kindernachmittag.png 729w\" sizes=\"auto, (max-width: 423px) 100vw, 423px\" \/><\/a><\/p>\n<p>Kaffee und Kuchen warten ab 14 Uhr an der reichhaltigen Kuchentheke auf hungrige Besucher.<\/p>\n<p><strong>Firgirls<\/strong><br \/>\n* Tanz der &#8222;Firegirls Sweetys&#8220; ca. 15:30<br \/>\n* Tanz der &#8222;Firegirls Minis&#8220; ca. 16:30<br \/>\n* Tanz der &#8222;Firegirls Kids&#8220; ca. 17:30<\/p>\n<p>Ab 16:30 Uhr: Beginn der Tombola: Die Preise sind u.a. ein Wochenende bei den Vereinsmeisterschaften, viele Gutscheine und Sachpreise.<\/p>\n<p>Ab 18:30 Uhr Einmarsch vom Kerweparre Lukas Emig und der Kerweburschen<\/p>\n<p>Ab 19:00 Uhr Ziehung der Hauptgewinne der Tombola<br \/>\nAb 20:00 Uhr Gem\u00fctliches Beisammensein mit Unterhaltungsmusik<\/p>\n<p><strong>Eintritt frei<\/strong><\/p>\n<p><strong>Montag<\/strong><br \/>\nAb 10:00 Uhr &#8211; Bayrischer Fr\u00fchschoppen mit Wei\u00dfbier und Wei\u00dfwurst<br \/>\nAb 13:00 Uhr &#8211; Firmenessen (J\u00e4ger- und Kochk\u00e4sesschnitzel mit Pommes und Salat).<\/p>\n<p>Ab 14:30 Uhr Spa\u00df in der H\u00fcpfburg<\/p>\n<p>Ab 15:30 Uhr Kinderprogramm mit den Firegirls<\/p>\n<p>Ab 16:00 Uhr: Flunkyball<\/p>\n<p>Ab 19:00 Uhr: Stimmungsvoller Kerweausklang.<\/p>\n<p><strong>Eintritt frei<\/strong><\/p>\n","protected":false},"excerpt":{"rendered":"<p>Von Fr. 06.09. &#8211; Mo. 09.09. wird beim Skiclub Tr\u00f6sel im Skizelt wieder richtig Kerwe gefeiert. Selbstverst\u00e4ndlich wird der Skiclub und Sch\u00f6nes Catering \u00fcber die gesamte Kerwe mit einer reichhaltigen Getr\u00e4nke- und Speisekarte f\u00fcr das leibliche Wohl bestens sorgen. Kinderprogramm &#8230; <a class=\"more-link\" href=\"https:\/\/www.skiclub-troesel.de\/wordpress\/?p=266\">Read More &raquo;<\/a><\/p>\n","protected":false},"author":3,"featured_media":273,"comment_status":"closed","ping_status":"open","sticky":false,"template":"","format":"standard","meta":{"footnotes":""},"categories":[1],"tags":[],"class_list":["post-266","post","type-post","status-publish","format-standard","has-post-thumbnail","hentry","category-allgemein"],"_links":{"self":[{"href":"https:\/\/www.skiclub-troesel.de\/wordpress\/index.php?rest_route=\/wp\/v2\/posts\/266","targetHints":{"allow":["GET"]}}],"collection":[{"href":"https:\/\/www.skiclub-troesel.de\/wordpress\/index.php?rest_route=\/wp\/v2\/posts"}],"about":[{"href":"https:\/\/www.skiclub-troesel.de\/wordpress\/index.php?rest_route=\/wp\/v2\/types\/post"}],"author":[{"embeddable":true,"href":"https:\/\/www.skiclub-troesel.de\/wordpress\/index.php?rest_route=\/wp\/v2\/users\/3"}],"replies":[{"embeddable":true,"href":"https:\/\/www.skiclub-troesel.de\/wordpress\/index.php?rest_route=%2Fwp%2Fv2%2Fcomments&post=266"}],"version-history":[{"count":4,"href":"https:\/\/www.skiclub-troesel.de\/wordpress\/index.php?rest_route=\/wp\/v2\/posts\/266\/revisions"}],"predecessor-version":[{"id":279,"href":"https:\/\/www.skiclub-troesel.de\/wordpress\/index.php?rest_route=\/wp\/v2\/posts\/266\/revisions\/279"}],"wp:featuredmedia":[{"embeddable":true,"href":"https:\/\/www.skiclub-troesel.de\/wordpress\/index.php?rest_route=\/wp\/v2\/media\/273"}],"wp:attachment":[{"href":"https:\/\/www.skiclub-troesel.de\/wordpress\/index.php?rest_route=%2Fwp%2Fv2%2Fmedia&parent=266"}],"wp:term":[{"taxonomy":"category","embeddable":true,"href":"https:\/\/www.skiclub-troesel.de\/wordpress\/index.php?rest_route=%2Fwp%2Fv2%2Fcategories&post=266"},{"taxonomy":"post_tag","embeddable":true,"href":"https:\/\/www.skiclub-troesel.de\/wordpress\/index.php?rest_route=%2Fwp%2Fv2%2Ftags&post=266"}],"curies":[{"name":"wp","href":"https:\/\/api.w.org\/{rel}","templated":true}]}}